{"id":17268,"date":"2021-09-16T12:30:09","date_gmt":"2021-09-16T10:30:09","guid":{"rendered":"https:\/\/devina.indaweb.it\/2021\/09\/16\/special-thanks-supersalone-and-fuori-salone\/"},"modified":"2023-10-11T14:34:48","modified_gmt":"2023-10-11T12:34:48","slug":"ringraziamenti-supersalone-e-fuori-salone","status":"publish","type":"post","link":"https:\/\/www.devinanais.com\/es\/ringraziamenti-supersalone-e-fuori-salone\/","title":{"rendered":"EXHIBITION"},"content":{"rendered":"<p>Vuelve finalmente el Salone del Mobile de Mil\u00e1n, con un evento especial: el \u00abSupersalone\u00bb<br \/>\ncurado por Stefano Boeri. Estaremos all\u00ed, para volver a conectar con todos los actores de la industria y para ser<br \/>\npresentes en este momento particular. Y para presentar nuevas ideas,<br \/>\ntanto para Devina Nais como para Icon\u2019s Milano: nuestro equipo creativo se hab\u00eda fijado el objetivo de exponer las dos marcas<br \/>\nide manera sin\u00e9rgica, destacando el lenguaje visual distintivo de cada uno y su complementariedad.<br \/>\nEn el Salone del Mobile podr\u00e9is ver integrarse y completarse estos dos proyectos paralelos y<br \/>\ndescubrir Devina Nais@Home. Se trata de un nuevo mood, una propuesta completa que quiere transmitir<br \/>\nla filosof\u00eda de decoraci\u00f3n que nos caracteriza.<br \/>\nEn Mil\u00e1n, tambi\u00e9n tendr\u00e1s la oportunidad de sumergirte en las nuevas tonalidades seleccionadas para nuestras colecciones.<br \/>\nEstos matices son m\u00e1s tenues, m\u00e1s en l\u00ednea con el momento que todos estamos atravesando,<br \/>\ny dan car\u00e1cter a nuestros productos.<\/p>\n","protected":false},"excerpt":{"rendered":"<p>Vuelve finalmente el Salone del Mobile de Mil\u00e1n, con un evento especial: el \u00abSupersalone\u00bb curado por Stefano Boeri. Estaremos all\u00ed, para volver a conectar con todos los actores de la industria y para ser presentes en este momento particular. Y para presentar nuevas ideas, tanto para Devina Nais como para Icon\u2019s Milano: nuestro equipo creativo [&hellip;]<\/p>\n","protected":false},"author":159,"featured_media":29379,"comment_status":"closed","ping_status":"closed","sticky":false,"template":"","format":"standard","meta":{"_et_pb_use_builder":"","_et_pb_old_content":"","_et_gb_content_width":"","footnotes":""},"categories":[132],"tags":[],"class_list":["post-17268","post","type-post","status-publish","format-standard","has-post-thumbnail","hentry","category-noticias"],"acf":[],"yoast_head":"<!-- This site is optimized with the Yoast SEO plugin v26.2 - https:\/\/yoast.com\/wordpress\/plugins\/seo\/ -->\n<title>EXHIBITION - DevinaNais<\/title>\n<meta name=\"robots\" content=\"index, follow, max-snippet:-1, max-image-preview:large, max-video-preview:-1\" \/>\n<link rel=\"canonical\" href=\"https:\/\/www.devinanais.com\/es\/ringraziamenti-supersalone-e-fuori-salone\/\" \/>\n<meta property=\"og:locale\" content=\"es_ES\" \/>\n<meta property=\"og:type\" content=\"article\" \/>\n<meta property=\"og:title\" content=\"EXHIBITION - DevinaNais\" \/>\n<meta property=\"og:description\" content=\"Vuelve finalmente el Salone del Mobile de Mil\u00e1n, con un evento especial: el \u00abSupersalone\u00bb curado por Stefano Boeri. Estaremos all\u00ed, para volver a conectar con todos los actores de la industria y para ser presentes en este momento particular. Y para presentar nuevas ideas, tanto para Devina Nais como para Icon\u2019s Milano: nuestro equipo creativo [&hellip;]\" \/>\n<meta property=\"og:url\" content=\"https:\/\/www.devinanais.com\/es\/ringraziamenti-supersalone-e-fuori-salone\/\" \/>\n<meta property=\"og:site_name\" content=\"DevinaNais\" \/>\n<meta property=\"article:published_time\" content=\"2021-09-16T10:30:09+00:00\" \/>\n<meta property=\"article:modified_time\" content=\"2023-10-11T12:34:48+00:00\" \/>\n<meta property=\"og:image\" content=\"https:\/\/www.devinanais.com\/wp-content\/uploads\/2022\/10\/COVER-8.jpg\" \/>\n\t<meta property=\"og:image:width\" content=\"941\" \/>\n\t<meta property=\"og:image:height\" content=\"1260\" \/>\n\t<meta property=\"og:image:type\" content=\"image\/jpeg\" \/>\n<meta name=\"author\" content=\"indaweb\" \/>\n<meta name=\"twitter:card\" content=\"summary_large_image\" \/>\n<meta name=\"twitter:label1\" content=\"Escrito por\" \/>\n\t<meta name=\"twitter:data1\" content=\"indaweb\" \/>\n\t<meta name=\"twitter:label2\" content=\"Tiempo de lectura\" \/>\n\t<meta name=\"twitter:data2\" content=\"1 minuto\" \/>\n<script type=\"application\/ld+json\" class=\"yoast-schema-graph\">{\"@context\":\"https:\/\/schema.org\",\"@graph\":[{\"@type\":\"WebPage\",\"@id\":\"https:\/\/www.devinanais.com\/es\/ringraziamenti-supersalone-e-fuori-salone\/\",\"url\":\"https:\/\/www.devinanais.com\/es\/ringraziamenti-supersalone-e-fuori-salone\/\",\"name\":\"EXHIBITION - DevinaNais\",\"isPartOf\":{\"@id\":\"https:\/\/www.devinanais.com\/#website\"},\"primaryImageOfPage\":{\"@id\":\"https:\/\/www.devinanais.com\/es\/ringraziamenti-supersalone-e-fuori-salone\/#primaryimage\"},\"image\":{\"@id\":\"https:\/\/www.devinanais.com\/es\/ringraziamenti-supersalone-e-fuori-salone\/#primaryimage\"},\"thumbnailUrl\":\"https:\/\/www.devinanais.com\/wp-content\/uploads\/2022\/10\/COVER-8.jpg\",\"datePublished\":\"2021-09-16T10:30:09+00:00\",\"dateModified\":\"2023-10-11T12:34:48+00:00\",\"author\":{\"@id\":\"https:\/\/www.devinanais.com\/#\/schema\/person\/e453508974e0ed5b3b12872c0b4af913\"},\"breadcrumb\":{\"@id\":\"https:\/\/www.devinanais.com\/es\/ringraziamenti-supersalone-e-fuori-salone\/#breadcrumb\"},\"inLanguage\":\"es\",\"potentialAction\":[{\"@type\":\"ReadAction\",\"target\":[\"https:\/\/www.devinanais.com\/es\/ringraziamenti-supersalone-e-fuori-salone\/\"]}]},{\"@type\":\"ImageObject\",\"inLanguage\":\"es\",\"@id\":\"https:\/\/www.devinanais.com\/es\/ringraziamenti-supersalone-e-fuori-salone\/#primaryimage\",\"url\":\"https:\/\/www.devinanais.com\/wp-content\/uploads\/2022\/10\/COVER-8.jpg\",\"contentUrl\":\"https:\/\/www.devinanais.com\/wp-content\/uploads\/2022\/10\/COVER-8.jpg\",\"width\":941,\"height\":1260},{\"@type\":\"BreadcrumbList\",\"@id\":\"https:\/\/www.devinanais.com\/es\/ringraziamenti-supersalone-e-fuori-salone\/#breadcrumb\",\"itemListElement\":[{\"@type\":\"ListItem\",\"position\":1,\"name\":\"Home\",\"item\":\"https:\/\/www.devinanais.com\/es\/\"},{\"@type\":\"ListItem\",\"position\":2,\"name\":\"EXHIBITION\"}]},{\"@type\":\"WebSite\",\"@id\":\"https:\/\/www.devinanais.com\/#website\",\"url\":\"https:\/\/www.devinanais.com\/\",\"name\":\"DevinaNais\",\"description\":\"\",\"potentialAction\":[{\"@type\":\"SearchAction\",\"target\":{\"@type\":\"EntryPoint\",\"urlTemplate\":\"https:\/\/www.devinanais.com\/?s={search_term_string}\"},\"query-input\":{\"@type\":\"PropertyValueSpecification\",\"valueRequired\":true,\"valueName\":\"search_term_string\"}}],\"inLanguage\":\"es\"},{\"@type\":\"Person\",\"@id\":\"https:\/\/www.devinanais.com\/#\/schema\/person\/e453508974e0ed5b3b12872c0b4af913\",\"name\":\"indaweb\",\"image\":{\"@type\":\"ImageObject\",\"inLanguage\":\"es\",\"@id\":\"https:\/\/www.devinanais.com\/#\/schema\/person\/image\/\",\"url\":\"https:\/\/secure.gravatar.com\/avatar\/b0724860a8fb59bf0fba199e718d856a766d31146a2c4a085b07f2d5313595ce?s=96&d=mm&r=g\",\"contentUrl\":\"https:\/\/secure.gravatar.com\/avatar\/b0724860a8fb59bf0fba199e718d856a766d31146a2c4a085b07f2d5313595ce?s=96&d=mm&r=g\",\"caption\":\"indaweb\"},\"url\":\"https:\/\/www.devinanais.com\/es\/author\/indaweb\/\"}]}<\/script>\n<!-- \/ Yoast SEO plugin. -->","yoast_head_json":{"title":"EXHIBITION - DevinaNais","robots":{"index":"index","follow":"follow","max-snippet":"max-snippet:-1","max-image-preview":"max-image-preview:large","max-video-preview":"max-video-preview:-1"},"canonical":"https:\/\/www.devinanais.com\/es\/ringraziamenti-supersalone-e-fuori-salone\/","og_locale":"es_ES","og_type":"article","og_title":"EXHIBITION - DevinaNais","og_description":"Vuelve finalmente el Salone del Mobile de Mil\u00e1n, con un evento especial: el \u00abSupersalone\u00bb curado por Stefano Boeri. Estaremos all\u00ed, para volver a conectar con todos los actores de la industria y para ser presentes en este momento particular. Y para presentar nuevas ideas, tanto para Devina Nais como para Icon\u2019s Milano: nuestro equipo creativo [&hellip;]","og_url":"https:\/\/www.devinanais.com\/es\/ringraziamenti-supersalone-e-fuori-salone\/","og_site_name":"DevinaNais","article_published_time":"2021-09-16T10:30:09+00:00","article_modified_time":"2023-10-11T12:34:48+00:00","og_image":[{"width":941,"height":1260,"url":"https:\/\/www.devinanais.com\/wp-content\/uploads\/2022\/10\/COVER-8.jpg","type":"image\/jpeg"}],"author":"indaweb","twitter_card":"summary_large_image","twitter_misc":{"Escrito por":"indaweb","Tiempo de lectura":"1 minuto"},"schema":{"@context":"https:\/\/schema.org","@graph":[{"@type":"WebPage","@id":"https:\/\/www.devinanais.com\/es\/ringraziamenti-supersalone-e-fuori-salone\/","url":"https:\/\/www.devinanais.com\/es\/ringraziamenti-supersalone-e-fuori-salone\/","name":"EXHIBITION - DevinaNais","isPartOf":{"@id":"https:\/\/www.devinanais.com\/#website"},"primaryImageOfPage":{"@id":"https:\/\/www.devinanais.com\/es\/ringraziamenti-supersalone-e-fuori-salone\/#primaryimage"},"image":{"@id":"https:\/\/www.devinanais.com\/es\/ringraziamenti-supersalone-e-fuori-salone\/#primaryimage"},"thumbnailUrl":"https:\/\/www.devinanais.com\/wp-content\/uploads\/2022\/10\/COVER-8.jpg","datePublished":"2021-09-16T10:30:09+00:00","dateModified":"2023-10-11T12:34:48+00:00","author":{"@id":"https:\/\/www.devinanais.com\/#\/schema\/person\/e453508974e0ed5b3b12872c0b4af913"},"breadcrumb":{"@id":"https:\/\/www.devinanais.com\/es\/ringraziamenti-supersalone-e-fuori-salone\/#breadcrumb"},"inLanguage":"es","potentialAction":[{"@type":"ReadAction","target":["https:\/\/www.devinanais.com\/es\/ringraziamenti-supersalone-e-fuori-salone\/"]}]},{"@type":"ImageObject","inLanguage":"es","@id":"https:\/\/www.devinanais.com\/es\/ringraziamenti-supersalone-e-fuori-salone\/#primaryimage","url":"https:\/\/www.devinanais.com\/wp-content\/uploads\/2022\/10\/COVER-8.jpg","contentUrl":"https:\/\/www.devinanais.com\/wp-content\/uploads\/2022\/10\/COVER-8.jpg","width":941,"height":1260},{"@type":"BreadcrumbList","@id":"https:\/\/www.devinanais.com\/es\/ringraziamenti-supersalone-e-fuori-salone\/#breadcrumb","itemListElement":[{"@type":"ListItem","position":1,"name":"Home","item":"https:\/\/www.devinanais.com\/es\/"},{"@type":"ListItem","position":2,"name":"EXHIBITION"}]},{"@type":"WebSite","@id":"https:\/\/www.devinanais.com\/#website","url":"https:\/\/www.devinanais.com\/","name":"DevinaNais","description":"","potentialAction":[{"@type":"SearchAction","target":{"@type":"EntryPoint","urlTemplate":"https:\/\/www.devinanais.com\/?s={search_term_string}"},"query-input":{"@type":"PropertyValueSpecification","valueRequired":true,"valueName":"search_term_string"}}],"inLanguage":"es"},{"@type":"Person","@id":"https:\/\/www.devinanais.com\/#\/schema\/person\/e453508974e0ed5b3b12872c0b4af913","name":"indaweb","image":{"@type":"ImageObject","inLanguage":"es","@id":"https:\/\/www.devinanais.com\/#\/schema\/person\/image\/","url":"https:\/\/secure.gravatar.com\/avatar\/b0724860a8fb59bf0fba199e718d856a766d31146a2c4a085b07f2d5313595ce?s=96&d=mm&r=g","contentUrl":"https:\/\/secure.gravatar.com\/avatar\/b0724860a8fb59bf0fba199e718d856a766d31146a2c4a085b07f2d5313595ce?s=96&d=mm&r=g","caption":"indaweb"},"url":"https:\/\/www.devinanais.com\/es\/author\/indaweb\/"}]}},"_links":{"self":[{"href":"https:\/\/www.devinanais.com\/es\/wp-json\/wp\/v2\/posts\/17268","targetHints":{"allow":["GET"]}}],"collection":[{"href":"https:\/\/www.devinanais.com\/es\/wp-json\/wp\/v2\/posts"}],"about":[{"href":"https:\/\/www.devinanais.com\/es\/wp-json\/wp\/v2\/types\/post"}],"author":[{"embeddable":true,"href":"https:\/\/www.devinanais.com\/es\/wp-json\/wp\/v2\/users\/159"}],"replies":[{"embeddable":true,"href":"https:\/\/www.devinanais.com\/es\/wp-json\/wp\/v2\/comments?post=17268"}],"version-history":[{"count":7,"href":"https:\/\/www.devinanais.com\/es\/wp-json\/wp\/v2\/posts\/17268\/revisions"}],"predecessor-version":[{"id":30501,"href":"https:\/\/www.devinanais.com\/es\/wp-json\/wp\/v2\/posts\/17268\/revisions\/30501"}],"wp:featuredmedia":[{"embeddable":true,"href":"https:\/\/www.devinanais.com\/es\/wp-json\/wp\/v2\/media\/29379"}],"wp:attachment":[{"href":"https:\/\/www.devinanais.com\/es\/wp-json\/wp\/v2\/media?parent=17268"}],"wp:term":[{"taxonomy":"category","embeddable":true,"href":"https:\/\/www.devinanais.com\/es\/wp-json\/wp\/v2\/categories?post=17268"},{"taxonomy":"post_tag","embeddable":true,"href":"https:\/\/www.devinanais.com\/es\/wp-json\/wp\/v2\/tags?post=17268"}],"curies":[{"name":"wp","href":"https:\/\/api.w.org\/{rel}","templated":true}]}}