{"id":30485,"date":"2022-09-24T14:07:33","date_gmt":"2022-09-24T12:07:33","guid":{"rendered":"https:\/\/www.devinanais.com\/reportage-valencia\/"},"modified":"2023-10-11T12:11:14","modified_gmt":"2023-10-11T10:11:14","slug":"reportage-valencia","status":"publish","type":"post","link":"https:\/\/www.devinanais.com\/es\/reportage-valencia\/","title":{"rendered":"EXHIBITION"},"content":{"rendered":"<p>En el vibrante marco de la Feria Habitat de Valencia,<br \/>\nDevina Nais present\u00f3 su nuevo mood y una paleta de colores renovada.<br \/>\nHabitat es una plataforma de referencia para el mundo del dise\u00f1o de interiores,<br \/>\nEspecialmente atento a las innovaciones. El stand ha sido dise\u00f1ado para comunicar<br \/>\nnuestro enfoque del design de interiores, basado en el deseo de crear lugares acogedores,<br \/>\nen el que uno se siente c\u00f3modo: un refugio del ajetreo diario.<br \/>\nLas l\u00edneas contempor\u00e1neas y los materiales de alta calidad de las colecciones han creado<br \/>\nun ambiente sofisticado, al que los nuevos colores suaves y terrosos a\u00f1aden calidez y comodidad,<br \/>\nevocando la autenticidad de la naturaleza.<\/p>\n","protected":false},"excerpt":{"rendered":"<p>En el vibrante marco de la Feria Habitat de Valencia, Devina Nais present\u00f3 su nuevo mood y una paleta de colores renovada. Habitat es una plataforma de referencia para el mundo del dise\u00f1o de interiores, Especialmente atento a las innovaciones. El stand ha sido dise\u00f1ado para comunicar nuestro enfoque del design de interiores, basado en [&hellip;]<\/p>\n","protected":false},"author":4,"featured_media":29370,"comment_status":"closed","ping_status":"closed","sticky":false,"template":"","format":"standard","meta":{"_et_pb_use_builder":"","_et_pb_old_content":"","_et_gb_content_width":"","footnotes":""},"categories":[132],"tags":[],"class_list":["post-30485","post","type-post","status-publish","format-standard","has-post-thumbnail","hentry","category-noticias"],"acf":[],"yoast_head":"<!-- This site is optimized with the Yoast SEO plugin v26.2 - https:\/\/yoast.com\/wordpress\/plugins\/seo\/ -->\n<title>EXHIBITION - DevinaNais<\/title>\n<meta name=\"robots\" content=\"index, follow, max-snippet:-1, max-image-preview:large, max-video-preview:-1\" \/>\n<link rel=\"canonical\" href=\"https:\/\/www.devinanais.com\/es\/reportage-valencia\/\" \/>\n<meta property=\"og:locale\" content=\"es_ES\" \/>\n<meta property=\"og:type\" content=\"article\" \/>\n<meta property=\"og:title\" content=\"EXHIBITION - DevinaNais\" \/>\n<meta property=\"og:description\" content=\"En el vibrante marco de la Feria Habitat de Valencia, Devina Nais present\u00f3 su nuevo mood y una paleta de colores renovada. Habitat es una plataforma de referencia para el mundo del dise\u00f1o de interiores, Especialmente atento a las innovaciones. El stand ha sido dise\u00f1ado para comunicar nuestro enfoque del design de interiores, basado en [&hellip;]\" \/>\n<meta property=\"og:url\" content=\"https:\/\/www.devinanais.com\/es\/reportage-valencia\/\" \/>\n<meta property=\"og:site_name\" content=\"DevinaNais\" \/>\n<meta property=\"article:published_time\" content=\"2022-09-24T12:07:33+00:00\" \/>\n<meta property=\"article:modified_time\" content=\"2023-10-11T10:11:14+00:00\" \/>\n<meta property=\"og:image\" content=\"https:\/\/www.devinanais.com\/wp-content\/uploads\/2022\/10\/COVER-5.jpg\" \/>\n\t<meta property=\"og:image:width\" content=\"946\" \/>\n\t<meta property=\"og:image:height\" content=\"1265\" \/>\n\t<meta property=\"og:image:type\" content=\"image\/jpeg\" \/>\n<meta name=\"author\" content=\"Massimo Tognon\" \/>\n<meta name=\"twitter:card\" content=\"summary_large_image\" \/>\n<meta name=\"twitter:label1\" content=\"Escrito por\" \/>\n\t<meta name=\"twitter:data1\" content=\"Massimo Tognon\" \/>\n\t<meta name=\"twitter:label2\" content=\"Tiempo de lectura\" \/>\n\t<meta name=\"twitter:data2\" content=\"1 minuto\" \/>\n<script type=\"application\/ld+json\" class=\"yoast-schema-graph\">{\"@context\":\"https:\/\/schema.org\",\"@graph\":[{\"@type\":\"WebPage\",\"@id\":\"https:\/\/www.devinanais.com\/es\/reportage-valencia\/\",\"url\":\"https:\/\/www.devinanais.com\/es\/reportage-valencia\/\",\"name\":\"EXHIBITION - DevinaNais\",\"isPartOf\":{\"@id\":\"https:\/\/www.devinanais.com\/#website\"},\"primaryImageOfPage\":{\"@id\":\"https:\/\/www.devinanais.com\/es\/reportage-valencia\/#primaryimage\"},\"image\":{\"@id\":\"https:\/\/www.devinanais.com\/es\/reportage-valencia\/#primaryimage\"},\"thumbnailUrl\":\"https:\/\/www.devinanais.com\/wp-content\/uploads\/2022\/10\/COVER-5.jpg\",\"datePublished\":\"2022-09-24T12:07:33+00:00\",\"dateModified\":\"2023-10-11T10:11:14+00:00\",\"author\":{\"@id\":\"https:\/\/www.devinanais.com\/#\/schema\/person\/7485a5547265449a5318aed526297482\"},\"breadcrumb\":{\"@id\":\"https:\/\/www.devinanais.com\/es\/reportage-valencia\/#breadcrumb\"},\"inLanguage\":\"es\",\"potentialAction\":[{\"@type\":\"ReadAction\",\"target\":[\"https:\/\/www.devinanais.com\/es\/reportage-valencia\/\"]}]},{\"@type\":\"ImageObject\",\"inLanguage\":\"es\",\"@id\":\"https:\/\/www.devinanais.com\/es\/reportage-valencia\/#primaryimage\",\"url\":\"https:\/\/www.devinanais.com\/wp-content\/uploads\/2022\/10\/COVER-5.jpg\",\"contentUrl\":\"https:\/\/www.devinanais.com\/wp-content\/uploads\/2022\/10\/COVER-5.jpg\",\"width\":946,\"height\":1265},{\"@type\":\"BreadcrumbList\",\"@id\":\"https:\/\/www.devinanais.com\/es\/reportage-valencia\/#breadcrumb\",\"itemListElement\":[{\"@type\":\"ListItem\",\"position\":1,\"name\":\"Home\",\"item\":\"https:\/\/www.devinanais.com\/es\/\"},{\"@type\":\"ListItem\",\"position\":2,\"name\":\"EXHIBITION\"}]},{\"@type\":\"WebSite\",\"@id\":\"https:\/\/www.devinanais.com\/#website\",\"url\":\"https:\/\/www.devinanais.com\/\",\"name\":\"DevinaNais\",\"description\":\"\",\"potentialAction\":[{\"@type\":\"SearchAction\",\"target\":{\"@type\":\"EntryPoint\",\"urlTemplate\":\"https:\/\/www.devinanais.com\/?s={search_term_string}\"},\"query-input\":{\"@type\":\"PropertyValueSpecification\",\"valueRequired\":true,\"valueName\":\"search_term_string\"}}],\"inLanguage\":\"es\"},{\"@type\":\"Person\",\"@id\":\"https:\/\/www.devinanais.com\/#\/schema\/person\/7485a5547265449a5318aed526297482\",\"name\":\"Massimo Tognon\",\"image\":{\"@type\":\"ImageObject\",\"inLanguage\":\"es\",\"@id\":\"https:\/\/www.devinanais.com\/#\/schema\/person\/image\/\",\"url\":\"https:\/\/secure.gravatar.com\/avatar\/354101e5c99dd82d1f3fc53da3395a609aa4ab0b9752aea0542e47e1dedeb208?s=96&d=mm&r=g\",\"contentUrl\":\"https:\/\/secure.gravatar.com\/avatar\/354101e5c99dd82d1f3fc53da3395a609aa4ab0b9752aea0542e47e1dedeb208?s=96&d=mm&r=g\",\"caption\":\"Massimo Tognon\"},\"sameAs\":[\"https:\/\/www.devinanais.com\"],\"url\":\"https:\/\/www.devinanais.com\/es\/author\/massimo\/\"}]}<\/script>\n<!-- \/ Yoast SEO plugin. -->","yoast_head_json":{"title":"EXHIBITION - DevinaNais","robots":{"index":"index","follow":"follow","max-snippet":"max-snippet:-1","max-image-preview":"max-image-preview:large","max-video-preview":"max-video-preview:-1"},"canonical":"https:\/\/www.devinanais.com\/es\/reportage-valencia\/","og_locale":"es_ES","og_type":"article","og_title":"EXHIBITION - DevinaNais","og_description":"En el vibrante marco de la Feria Habitat de Valencia, Devina Nais present\u00f3 su nuevo mood y una paleta de colores renovada. Habitat es una plataforma de referencia para el mundo del dise\u00f1o de interiores, Especialmente atento a las innovaciones. El stand ha sido dise\u00f1ado para comunicar nuestro enfoque del design de interiores, basado en [&hellip;]","og_url":"https:\/\/www.devinanais.com\/es\/reportage-valencia\/","og_site_name":"DevinaNais","article_published_time":"2022-09-24T12:07:33+00:00","article_modified_time":"2023-10-11T10:11:14+00:00","og_image":[{"width":946,"height":1265,"url":"https:\/\/www.devinanais.com\/wp-content\/uploads\/2022\/10\/COVER-5.jpg","type":"image\/jpeg"}],"author":"Massimo Tognon","twitter_card":"summary_large_image","twitter_misc":{"Escrito por":"Massimo Tognon","Tiempo de lectura":"1 minuto"},"schema":{"@context":"https:\/\/schema.org","@graph":[{"@type":"WebPage","@id":"https:\/\/www.devinanais.com\/es\/reportage-valencia\/","url":"https:\/\/www.devinanais.com\/es\/reportage-valencia\/","name":"EXHIBITION - DevinaNais","isPartOf":{"@id":"https:\/\/www.devinanais.com\/#website"},"primaryImageOfPage":{"@id":"https:\/\/www.devinanais.com\/es\/reportage-valencia\/#primaryimage"},"image":{"@id":"https:\/\/www.devinanais.com\/es\/reportage-valencia\/#primaryimage"},"thumbnailUrl":"https:\/\/www.devinanais.com\/wp-content\/uploads\/2022\/10\/COVER-5.jpg","datePublished":"2022-09-24T12:07:33+00:00","dateModified":"2023-10-11T10:11:14+00:00","author":{"@id":"https:\/\/www.devinanais.com\/#\/schema\/person\/7485a5547265449a5318aed526297482"},"breadcrumb":{"@id":"https:\/\/www.devinanais.com\/es\/reportage-valencia\/#breadcrumb"},"inLanguage":"es","potentialAction":[{"@type":"ReadAction","target":["https:\/\/www.devinanais.com\/es\/reportage-valencia\/"]}]},{"@type":"ImageObject","inLanguage":"es","@id":"https:\/\/www.devinanais.com\/es\/reportage-valencia\/#primaryimage","url":"https:\/\/www.devinanais.com\/wp-content\/uploads\/2022\/10\/COVER-5.jpg","contentUrl":"https:\/\/www.devinanais.com\/wp-content\/uploads\/2022\/10\/COVER-5.jpg","width":946,"height":1265},{"@type":"BreadcrumbList","@id":"https:\/\/www.devinanais.com\/es\/reportage-valencia\/#breadcrumb","itemListElement":[{"@type":"ListItem","position":1,"name":"Home","item":"https:\/\/www.devinanais.com\/es\/"},{"@type":"ListItem","position":2,"name":"EXHIBITION"}]},{"@type":"WebSite","@id":"https:\/\/www.devinanais.com\/#website","url":"https:\/\/www.devinanais.com\/","name":"DevinaNais","description":"","potentialAction":[{"@type":"SearchAction","target":{"@type":"EntryPoint","urlTemplate":"https:\/\/www.devinanais.com\/?s={search_term_string}"},"query-input":{"@type":"PropertyValueSpecification","valueRequired":true,"valueName":"search_term_string"}}],"inLanguage":"es"},{"@type":"Person","@id":"https:\/\/www.devinanais.com\/#\/schema\/person\/7485a5547265449a5318aed526297482","name":"Massimo Tognon","image":{"@type":"ImageObject","inLanguage":"es","@id":"https:\/\/www.devinanais.com\/#\/schema\/person\/image\/","url":"https:\/\/secure.gravatar.com\/avatar\/354101e5c99dd82d1f3fc53da3395a609aa4ab0b9752aea0542e47e1dedeb208?s=96&d=mm&r=g","contentUrl":"https:\/\/secure.gravatar.com\/avatar\/354101e5c99dd82d1f3fc53da3395a609aa4ab0b9752aea0542e47e1dedeb208?s=96&d=mm&r=g","caption":"Massimo Tognon"},"sameAs":["https:\/\/www.devinanais.com"],"url":"https:\/\/www.devinanais.com\/es\/author\/massimo\/"}]}},"_links":{"self":[{"href":"https:\/\/www.devinanais.com\/es\/wp-json\/wp\/v2\/posts\/30485","targetHints":{"allow":["GET"]}}],"collection":[{"href":"https:\/\/www.devinanais.com\/es\/wp-json\/wp\/v2\/posts"}],"about":[{"href":"https:\/\/www.devinanais.com\/es\/wp-json\/wp\/v2\/types\/post"}],"author":[{"embeddable":true,"href":"https:\/\/www.devinanais.com\/es\/wp-json\/wp\/v2\/users\/4"}],"replies":[{"embeddable":true,"href":"https:\/\/www.devinanais.com\/es\/wp-json\/wp\/v2\/comments?post=30485"}],"version-history":[{"count":1,"href":"https:\/\/www.devinanais.com\/es\/wp-json\/wp\/v2\/posts\/30485\/revisions"}],"predecessor-version":[{"id":30487,"href":"https:\/\/www.devinanais.com\/es\/wp-json\/wp\/v2\/posts\/30485\/revisions\/30487"}],"wp:featuredmedia":[{"embeddable":true,"href":"https:\/\/www.devinanais.com\/es\/wp-json\/wp\/v2\/media\/29370"}],"wp:attachment":[{"href":"https:\/\/www.devinanais.com\/es\/wp-json\/wp\/v2\/media?parent=30485"}],"wp:term":[{"taxonomy":"category","embeddable":true,"href":"https:\/\/www.devinanais.com\/es\/wp-json\/wp\/v2\/categories?post=30485"},{"taxonomy":"post_tag","embeddable":true,"href":"https:\/\/www.devinanais.com\/es\/wp-json\/wp\/v2\/tags?post=30485"}],"curies":[{"name":"wp","href":"https:\/\/api.w.org\/{rel}","templated":true}]}}